{"id":5818,"date":"2018-02-25T15:30:52","date_gmt":"2018-02-25T15:30:52","guid":{"rendered":"https:\/\/campinglavall.net\/proposta-pels-nens-2\/"},"modified":"2024-10-10T07:00:49","modified_gmt":"2024-10-10T07:00:49","slug":"proposta-pels-nens-2","status":"publish","type":"post","link":"https:\/\/campinglavall.net\/en\/proposta-pels-nens-2\/","title":{"rendered":"Coves Prehist\u00f2riques de Seriny\u00e0"},"content":{"rendered":"<h1 style=\"text-align: center;\"><span style=\"font-family: cutie; font-size: 36pt;\">Who says pre-history is boring?<\/span><\/h1>\n<h1 style=\"text-align: center;\"><span style=\"font-family: cutie; color: #99cc00;\">Educational and fun proposal for children<\/span><br \/>\n<span style=\"font-family: cutie; color: #99cc00;\">you will learn to be a real pre-historian!<\/span><\/h1>\n<h1 style=\"text-align: center;\"><span style=\"color: #99cc00;\"><a ref=\"magnificPopup\" href=\"https:\/\/campinglavall.net\/wp-content\/uploads\/2024\/09\/serinya-300x200.jpeg\"><img loading=\"lazy\" decoding=\"async\" class=\"alignnone wp-image-6540 \" src=\"https:\/\/campinglavall.net\/wp-content\/uploads\/2024\/09\/serinya.jpeg\" alt=\"\" width=\"763\" height=\"508\" \/><\/a><\/span><\/h1>\n<p style=\"text-align: center;\">This proposal for children combines fun and educational activities.<\/p>\n<p style=\"text-align: center;\">The Seriny\u00e0 Prehistoric Caves park was occupied by different populations from the beginning of the Middle Paleolithic (now about 200,000 years ago) until the age of metals (now 3,100 years ago).<\/p>\n<p style=\"text-align: center;\">Three human species have lived in this unique place over the millennia.<\/p>\n<p style=\"text-align: center;\">This Park is considered the best site in Western Europe to learn about the transition from Neanderthal man to modern man.<\/p>\n<p style=\"text-align: center;\">Recent studies have shown that a skull found in the Seriny\u00e0 caves is the oldest modern human (homo sapiens) remains in Catalonia.<\/p>\n<p style=\"text-align: center;\">Who says that history and pre-history is boring?<\/p>\n<p style=\"text-align: center;\">Knowing how we were thousands of years ago can be an adventure!<\/p>\n<p style=\"text-align: center;\">We recommend that you do it with a guide who explains the route with fascination, conveying their passion for archeology in addition to their knowledge.<\/p>\n<p style=\"text-align: center;\">The park also has a room with an audiovisual session and an exhibition hall.<\/p>\n<p style=\"text-align: center;\">To consult schedules and prices, call:<\/p>\n<p style=\"text-align: center;\">972 59 33 10<\/p>\n<p>&nbsp;<\/p>\n<p style=\"text-align: center;\">Seguiu-nos a Instagram per estar informats de totes les propostes!<\/p>\n<p style=\"text-align: center;\"><a href=\"https:\/\/www.instagram.com\/campinglavalldecampmajor\/\">https:\/\/www.instagram.com\/campinglavalldecampmajor\/<\/a><\/p>\n<p>&nbsp;<\/p>\n<p>&nbsp;<\/p>\n<p style=\"text-align: center;\"><strong><span style=\"color: #99cc00;\">C\u00e0mping amb nens<\/span>\u00a0<\/strong><span style=\"font-size: 18pt;\">\u00a0C\u00e0mping petit i acollidor\u00a0<\/span>\u00a0C\u00c0MPING FAMILIAR<strong>\u00a0\u00a0\u2026<\/strong><\/p>\n<p>&nbsp;<\/p>\n","protected":false},"excerpt":{"rendered":"<p>Who says pre-history is boring? Educational and fun proposal for children you will learn to be a real pre-historian! This proposal for children combines fun and educational activities. The Seriny\u00e0 Prehistoric Caves park was occupied by different populations from the beginning of the Middle Paleolithic (now about 200,000 years ago) until the age of metals&#8230;<\/p>\n","protected":false},"author":1,"featured_media":4105,"comment_status":"closed","ping_status":"open","sticky":false,"template":"","format":"standard","meta":{"footnotes":""},"categories":[10],"tags":[],"class_list":["post-5818","post","type-post","status-publish","format-standard","has-post-thumbnail","hentry","category-uncategorized"],"yoast_head":"<!-- This site is optimized with the Yoast SEO plugin v27.1.1 - https:\/\/yoast.com\/product\/yoast-seo-wordpress\/ -->\n<title>Coves Prehist\u00f2riques de Seriny\u00e0, activitats per a nens<\/title>\n<meta name=\"description\" content=\"Molt a prop del c\u00e0mping familiar La Vall de Campmajor trobem les coves prehist\u00f2riques de Seriny\u00e0. Una proposta pels nens educativa, l\u00fadica, per aprendre de la pre-historia de manera activa i original!\" \/>\n<meta name=\"robots\" content=\"index, follow, max-snippet:-1, max-image-preview:large, max-video-preview:-1\" \/>\n<link rel=\"canonical\" href=\"https:\/\/campinglavall.net\/en\/proposta-pels-nens-2\/\" \/>\n<meta property=\"og:locale\" content=\"en_US\" \/>\n<meta property=\"og:type\" content=\"article\" \/>\n<meta property=\"og:title\" content=\"Coves Prehist\u00f2riques de Seriny\u00e0, activitats per a nens\" \/>\n<meta property=\"og:description\" content=\"Molt a prop del c\u00e0mping familiar La Vall de Campmajor trobem les coves prehist\u00f2riques de Seriny\u00e0. Una proposta pels nens educativa, l\u00fadica, per aprendre de la pre-historia de manera activa i original!\" \/>\n<meta property=\"og:url\" content=\"https:\/\/campinglavall.net\/en\/proposta-pels-nens-2\/\" \/>\n<meta property=\"og:site_name\" content=\"Camping La Vall\" \/>\n<meta property=\"article:published_time\" content=\"2018-02-25T15:30:52+00:00\" \/>\n<meta property=\"article:modified_time\" content=\"2024-10-10T07:00:49+00:00\" \/>\n<meta property=\"og:image\" content=\"https:\/\/campinglavall.net\/wp-content\/uploads\/2024\/09\/serinya.jpeg\" \/>\n\t<meta property=\"og:image:width\" content=\"800\" \/>\n\t<meta property=\"og:image:height\" content=\"533\" \/>\n\t<meta property=\"og:image:type\" content=\"image\/jpeg\" \/>\n<meta name=\"author\" content=\"admin\" \/>\n<meta name=\"twitter:card\" content=\"summary_large_image\" \/>\n<meta name=\"twitter:label1\" content=\"Written by\" \/>\n\t<meta name=\"twitter:data1\" content=\"admin\" \/>\n\t<meta name=\"twitter:label2\" content=\"Est. reading time\" \/>\n\t<meta name=\"twitter:data2\" content=\"2 minutes\" \/>\n<script type=\"application\/ld+json\" class=\"yoast-schema-graph\">{\"@context\":\"https:\/\/schema.org\",\"@graph\":[{\"@type\":\"Article\",\"@id\":\"https:\/\/campinglavall.net\/en\/proposta-pels-nens-2\/#article\",\"isPartOf\":{\"@id\":\"https:\/\/campinglavall.net\/en\/proposta-pels-nens-2\/\"},\"author\":{\"name\":\"admin\",\"@id\":\"https:\/\/campinglavall.net\/en\/#\/schema\/person\/e37436e5ca5a0e4556fd004b4acdb218\"},\"headline\":\"Coves Prehist\u00f2riques de Seriny\u00e0\",\"datePublished\":\"2018-02-25T15:30:52+00:00\",\"dateModified\":\"2024-10-10T07:00:49+00:00\",\"mainEntityOfPage\":{\"@id\":\"https:\/\/campinglavall.net\/en\/proposta-pels-nens-2\/\"},\"wordCount\":213,\"image\":{\"@id\":\"https:\/\/campinglavall.net\/en\/proposta-pels-nens-2\/#primaryimage\"},\"thumbnailUrl\":\"https:\/\/campinglavall.net\/wp-content\/uploads\/2024\/09\/serinya.jpeg\",\"inLanguage\":\"en-US\"},{\"@type\":\"WebPage\",\"@id\":\"https:\/\/campinglavall.net\/en\/proposta-pels-nens-2\/\",\"url\":\"https:\/\/campinglavall.net\/en\/proposta-pels-nens-2\/\",\"name\":\"Coves Prehist\u00f2riques de Seriny\u00e0, activitats per a nens\",\"isPartOf\":{\"@id\":\"https:\/\/campinglavall.net\/en\/#website\"},\"primaryImageOfPage\":{\"@id\":\"https:\/\/campinglavall.net\/en\/proposta-pels-nens-2\/#primaryimage\"},\"image\":{\"@id\":\"https:\/\/campinglavall.net\/en\/proposta-pels-nens-2\/#primaryimage\"},\"thumbnailUrl\":\"https:\/\/campinglavall.net\/wp-content\/uploads\/2024\/09\/serinya.jpeg\",\"datePublished\":\"2018-02-25T15:30:52+00:00\",\"dateModified\":\"2024-10-10T07:00:49+00:00\",\"author\":{\"@id\":\"https:\/\/campinglavall.net\/en\/#\/schema\/person\/e37436e5ca5a0e4556fd004b4acdb218\"},\"description\":\"Molt a prop del c\u00e0mping familiar La Vall de Campmajor trobem les coves prehist\u00f2riques de Seriny\u00e0. Una proposta pels nens educativa, l\u00fadica, per aprendre de la pre-historia de manera activa i original!\",\"breadcrumb\":{\"@id\":\"https:\/\/campinglavall.net\/en\/proposta-pels-nens-2\/#breadcrumb\"},\"inLanguage\":\"en-US\",\"potentialAction\":[{\"@type\":\"ReadAction\",\"target\":[\"https:\/\/campinglavall.net\/en\/proposta-pels-nens-2\/\"]}]},{\"@type\":\"ImageObject\",\"inLanguage\":\"en-US\",\"@id\":\"https:\/\/campinglavall.net\/en\/proposta-pels-nens-2\/#primaryimage\",\"url\":\"https:\/\/campinglavall.net\/wp-content\/uploads\/2024\/09\/serinya.jpeg\",\"contentUrl\":\"https:\/\/campinglavall.net\/wp-content\/uploads\/2024\/09\/serinya.jpeg\",\"width\":800,\"height\":533},{\"@type\":\"BreadcrumbList\",\"@id\":\"https:\/\/campinglavall.net\/en\/proposta-pels-nens-2\/#breadcrumb\",\"itemListElement\":[{\"@type\":\"ListItem\",\"position\":1,\"name\":\"Portada\",\"item\":\"https:\/\/campinglavall.net\/en\/\"},{\"@type\":\"ListItem\",\"position\":2,\"name\":\"Coves Prehist\u00f2riques de Seriny\u00e0\"}]},{\"@type\":\"WebSite\",\"@id\":\"https:\/\/campinglavall.net\/en\/#website\",\"url\":\"https:\/\/campinglavall.net\/en\/\",\"name\":\"Camping La Vall\",\"description\":\"\",\"potentialAction\":[{\"@type\":\"SearchAction\",\"target\":{\"@type\":\"EntryPoint\",\"urlTemplate\":\"https:\/\/campinglavall.net\/en\/?s={search_term_string}\"},\"query-input\":{\"@type\":\"PropertyValueSpecification\",\"valueRequired\":true,\"valueName\":\"search_term_string\"}}],\"inLanguage\":\"en-US\"},{\"@type\":\"Person\",\"@id\":\"https:\/\/campinglavall.net\/en\/#\/schema\/person\/e37436e5ca5a0e4556fd004b4acdb218\",\"name\":\"admin\",\"image\":{\"@type\":\"ImageObject\",\"inLanguage\":\"en-US\",\"@id\":\"https:\/\/campinglavall.net\/en\/#\/schema\/person\/image\/\",\"url\":\"https:\/\/secure.gravatar.com\/avatar\/ba278a5665341eb501ac289fef02e80959eb8216a41a0d4c74389ca1aa4a6542?s=96&d=mm&r=g\",\"contentUrl\":\"https:\/\/secure.gravatar.com\/avatar\/ba278a5665341eb501ac289fef02e80959eb8216a41a0d4c74389ca1aa4a6542?s=96&d=mm&r=g\",\"caption\":\"admin\"},\"sameAs\":[\"https:\/\/campinglavall.net\"],\"url\":\"https:\/\/campinglavall.net\/en\/author\/wp_cc_lavall\/\"}]}<\/script>\n<!-- \/ Yoast SEO plugin. -->","yoast_head_json":{"title":"Coves Prehist\u00f2riques de Seriny\u00e0, activitats per a nens","description":"Molt a prop del c\u00e0mping familiar La Vall de Campmajor trobem les coves prehist\u00f2riques de Seriny\u00e0. Una proposta pels nens educativa, l\u00fadica, per aprendre de la pre-historia de manera activa i original!","robots":{"index":"index","follow":"follow","max-snippet":"max-snippet:-1","max-image-preview":"max-image-preview:large","max-video-preview":"max-video-preview:-1"},"canonical":"https:\/\/campinglavall.net\/en\/proposta-pels-nens-2\/","og_locale":"en_US","og_type":"article","og_title":"Coves Prehist\u00f2riques de Seriny\u00e0, activitats per a nens","og_description":"Molt a prop del c\u00e0mping familiar La Vall de Campmajor trobem les coves prehist\u00f2riques de Seriny\u00e0. Una proposta pels nens educativa, l\u00fadica, per aprendre de la pre-historia de manera activa i original!","og_url":"https:\/\/campinglavall.net\/en\/proposta-pels-nens-2\/","og_site_name":"Camping La Vall","article_published_time":"2018-02-25T15:30:52+00:00","article_modified_time":"2024-10-10T07:00:49+00:00","og_image":[{"width":800,"height":533,"url":"https:\/\/campinglavall.net\/wp-content\/uploads\/2024\/09\/serinya.jpeg","type":"image\/jpeg"}],"author":"admin","twitter_card":"summary_large_image","twitter_misc":{"Written by":"admin","Est. reading time":"2 minutes"},"schema":{"@context":"https:\/\/schema.org","@graph":[{"@type":"Article","@id":"https:\/\/campinglavall.net\/en\/proposta-pels-nens-2\/#article","isPartOf":{"@id":"https:\/\/campinglavall.net\/en\/proposta-pels-nens-2\/"},"author":{"name":"admin","@id":"https:\/\/campinglavall.net\/en\/#\/schema\/person\/e37436e5ca5a0e4556fd004b4acdb218"},"headline":"Coves Prehist\u00f2riques de Seriny\u00e0","datePublished":"2018-02-25T15:30:52+00:00","dateModified":"2024-10-10T07:00:49+00:00","mainEntityOfPage":{"@id":"https:\/\/campinglavall.net\/en\/proposta-pels-nens-2\/"},"wordCount":213,"image":{"@id":"https:\/\/campinglavall.net\/en\/proposta-pels-nens-2\/#primaryimage"},"thumbnailUrl":"https:\/\/campinglavall.net\/wp-content\/uploads\/2024\/09\/serinya.jpeg","inLanguage":"en-US"},{"@type":"WebPage","@id":"https:\/\/campinglavall.net\/en\/proposta-pels-nens-2\/","url":"https:\/\/campinglavall.net\/en\/proposta-pels-nens-2\/","name":"Coves Prehist\u00f2riques de Seriny\u00e0, activitats per a nens","isPartOf":{"@id":"https:\/\/campinglavall.net\/en\/#website"},"primaryImageOfPage":{"@id":"https:\/\/campinglavall.net\/en\/proposta-pels-nens-2\/#primaryimage"},"image":{"@id":"https:\/\/campinglavall.net\/en\/proposta-pels-nens-2\/#primaryimage"},"thumbnailUrl":"https:\/\/campinglavall.net\/wp-content\/uploads\/2024\/09\/serinya.jpeg","datePublished":"2018-02-25T15:30:52+00:00","dateModified":"2024-10-10T07:00:49+00:00","author":{"@id":"https:\/\/campinglavall.net\/en\/#\/schema\/person\/e37436e5ca5a0e4556fd004b4acdb218"},"description":"Molt a prop del c\u00e0mping familiar La Vall de Campmajor trobem les coves prehist\u00f2riques de Seriny\u00e0. Una proposta pels nens educativa, l\u00fadica, per aprendre de la pre-historia de manera activa i original!","breadcrumb":{"@id":"https:\/\/campinglavall.net\/en\/proposta-pels-nens-2\/#breadcrumb"},"inLanguage":"en-US","potentialAction":[{"@type":"ReadAction","target":["https:\/\/campinglavall.net\/en\/proposta-pels-nens-2\/"]}]},{"@type":"ImageObject","inLanguage":"en-US","@id":"https:\/\/campinglavall.net\/en\/proposta-pels-nens-2\/#primaryimage","url":"https:\/\/campinglavall.net\/wp-content\/uploads\/2024\/09\/serinya.jpeg","contentUrl":"https:\/\/campinglavall.net\/wp-content\/uploads\/2024\/09\/serinya.jpeg","width":800,"height":533},{"@type":"BreadcrumbList","@id":"https:\/\/campinglavall.net\/en\/proposta-pels-nens-2\/#breadcrumb","itemListElement":[{"@type":"ListItem","position":1,"name":"Portada","item":"https:\/\/campinglavall.net\/en\/"},{"@type":"ListItem","position":2,"name":"Coves Prehist\u00f2riques de Seriny\u00e0"}]},{"@type":"WebSite","@id":"https:\/\/campinglavall.net\/en\/#website","url":"https:\/\/campinglavall.net\/en\/","name":"Camping La Vall","description":"","potentialAction":[{"@type":"SearchAction","target":{"@type":"EntryPoint","urlTemplate":"https:\/\/campinglavall.net\/en\/?s={search_term_string}"},"query-input":{"@type":"PropertyValueSpecification","valueRequired":true,"valueName":"search_term_string"}}],"inLanguage":"en-US"},{"@type":"Person","@id":"https:\/\/campinglavall.net\/en\/#\/schema\/person\/e37436e5ca5a0e4556fd004b4acdb218","name":"admin","image":{"@type":"ImageObject","inLanguage":"en-US","@id":"https:\/\/campinglavall.net\/en\/#\/schema\/person\/image\/","url":"https:\/\/secure.gravatar.com\/avatar\/ba278a5665341eb501ac289fef02e80959eb8216a41a0d4c74389ca1aa4a6542?s=96&d=mm&r=g","contentUrl":"https:\/\/secure.gravatar.com\/avatar\/ba278a5665341eb501ac289fef02e80959eb8216a41a0d4c74389ca1aa4a6542?s=96&d=mm&r=g","caption":"admin"},"sameAs":["https:\/\/campinglavall.net"],"url":"https:\/\/campinglavall.net\/en\/author\/wp_cc_lavall\/"}]}},"_links":{"self":[{"href":"https:\/\/campinglavall.net\/en\/wp-json\/wp\/v2\/posts\/5818","targetHints":{"allow":["GET"]}}],"collection":[{"href":"https:\/\/campinglavall.net\/en\/wp-json\/wp\/v2\/posts"}],"about":[{"href":"https:\/\/campinglavall.net\/en\/wp-json\/wp\/v2\/types\/post"}],"author":[{"embeddable":true,"href":"https:\/\/campinglavall.net\/en\/wp-json\/wp\/v2\/users\/1"}],"replies":[{"embeddable":true,"href":"https:\/\/campinglavall.net\/en\/wp-json\/wp\/v2\/comments?post=5818"}],"version-history":[{"count":2,"href":"https:\/\/campinglavall.net\/en\/wp-json\/wp\/v2\/posts\/5818\/revisions"}],"predecessor-version":[{"id":5944,"href":"https:\/\/campinglavall.net\/en\/wp-json\/wp\/v2\/posts\/5818\/revisions\/5944"}],"wp:featuredmedia":[{"embeddable":true,"href":"https:\/\/campinglavall.net\/en\/wp-json\/wp\/v2\/media\/4105"}],"wp:attachment":[{"href":"https:\/\/campinglavall.net\/en\/wp-json\/wp\/v2\/media?parent=5818"}],"wp:term":[{"taxonomy":"category","embeddable":true,"href":"https:\/\/campinglavall.net\/en\/wp-json\/wp\/v2\/categories?post=5818"},{"taxonomy":"post_tag","embeddable":true,"href":"https:\/\/campinglavall.net\/en\/wp-json\/wp\/v2\/tags?post=5818"}],"curies":[{"name":"wp","href":"https:\/\/api.w.org\/{rel}","templated":true}]}}