{"id":5820,"date":"2018-02-25T15:30:52","date_gmt":"2018-02-25T15:30:52","guid":{"rendered":"https:\/\/campinglavall.net\/proposta-pels-nens-3\/"},"modified":"2024-10-10T07:00:49","modified_gmt":"2024-10-10T07:00:49","slug":"proposta-pels-nens","status":"publish","type":"post","link":"https:\/\/campinglavall.net\/es\/proposta-pels-nens\/","title":{"rendered":"Coves Prehist\u00f2riques de Seriny\u00e0"},"content":{"rendered":"<h1 style=\"text-align: center;\"><span style=\"font-family: cutie; font-size: 36pt;\">\u00bfQui\u00e9n dice que la prehistoria es aburrida?<\/span><\/h1>\n<h1 style=\"text-align: center;\"><span style=\"font-family: cutie; font-size: 24pt; color: #99cc00;\">Propuesta para ni\u00f1os educativa y l\u00fadica<\/span><br \/>\n<span style=\"font-family: cutie; font-size: 24pt; color: #99cc00;\">aprender\u00e1 a ser un aut\u00e9ntico pre-hist\u00f3rico!<\/span><\/h1>\n<h1 style=\"text-align: center;\"><span style=\"color: #99cc00;\"><a ref=\"magnificPopup\" href=\"https:\/\/campinglavall.net\/wp-content\/uploads\/2024\/09\/serinya-300x200.jpeg\"><img loading=\"lazy\" decoding=\"async\" class=\"alignnone wp-image-6540 \" src=\"https:\/\/campinglavall.net\/wp-content\/uploads\/2024\/09\/serinya.jpeg\" alt=\"\" width=\"763\" height=\"508\" \/><\/a><\/span><\/h1>\n<p style=\"text-align: center;\">Esta propuesta para ni\u00f1os combina actividades l\u00fadicas con educativas.<\/p>\n<p style=\"text-align: center;\">El parque de las Cuevas Prehist\u00f3ricas de Seriny\u00e0, fue ocupado por diferentes poblaciones desde los inicios del paleol\u00edtico medio (hace unos 200.000 a\u00f1os) hasta la edad de los metales (hace 3.100 a\u00f1os).<\/p>\n<p style=\"text-align: center;\">En este paraje \u00fanico han vivido a lo largo de los milenios tres especies humanas.<\/p>\n<p style=\"text-align: center;\">Este Parque es considerado el mejor yacimiento de Europa occidental para conocer el paso del hombre de Neandertal al hombre moderno.<\/p>\n<p style=\"text-align: center;\">Recientes estudios han demostrado que un cr\u00e1neo hallado en las cuevas de Seriny\u00e0 es el resto de humano moderno (homo sapiens) m\u00e1s antigua de Catalu\u00f1a.<\/p>\n<p style=\"text-align: center;\">\u00bfQui\u00e9n dice que la historia y la pre-historia es aburrida?<\/p>\n<p style=\"text-align: center;\">Saber c\u00f3mo \u00e9ramos nosotros hace miles a\u00f1os, \u00a1puede ser una aventura!<\/p>\n<p style=\"text-align: center;\">Le recomendamos que la haga con un gu\u00eda ya te explican el recorrido con fascinaci\u00f3n, transmiten su pasi\u00f3n por la arqueolog\u00eda adem\u00e1s de sus conocimientos.<\/p>\n<p style=\"text-align: center;\">El parque cuenta tambi\u00e9n con una sala con una sesi\u00f3n de audiovisual y una sala de exposiciones.<\/p>\n<p style=\"text-align: center;\">Para consultar horarios y precios llame al:<\/p>\n<p style=\"text-align: center;\">972 59 33 10<\/p>\n<p style=\"text-align: center;\">\u00a1S\u00edguenos en Instagram para estar informados de todas las propuestas!<\/p>\n<p style=\"text-align: center;\"><a href=\"https:\/\/www.instagram.com\/campinglavalldecampmajor\/\">https:\/\/www.instagram.com\/campinglavalldecampmajor\/<\/a><\/p>\n<p>&nbsp;<\/p>\n<p>&nbsp;<\/p>\n<p style=\"text-align: center;\"><strong><span style=\"color: #99cc00;\">C\u00e0mping amb nens<\/span>\u00a0<\/strong><span style=\"font-size: 18pt;\">\u00a0C\u00e0mping petit i acollidor\u00a0<\/span>\u00a0C\u00c0MPING FAMILIAR<strong>\u00a0\u00a0\u2026<\/strong><\/p>\n<p>&nbsp;<\/p>\n","protected":false},"excerpt":{"rendered":"<p>\u00bfQui\u00e9n dice que la prehistoria es aburrida? Propuesta para ni\u00f1os educativa y l\u00fadica aprender\u00e1 a ser un aut\u00e9ntico pre-hist\u00f3rico! Esta propuesta para ni\u00f1os combina actividades l\u00fadicas con educativas. El parque de las Cuevas Prehist\u00f3ricas de Seriny\u00e0, fue ocupado por diferentes poblaciones desde los inicios del paleol\u00edtico medio (hace unos 200.000 a\u00f1os) hasta la edad de&#8230;<\/p>\n","protected":false},"author":1,"featured_media":4105,"comment_status":"closed","ping_status":"open","sticky":false,"template":"","format":"standard","meta":{"footnotes":""},"categories":[1],"tags":[],"class_list":["post-5820","post","type-post","status-publish","format-standard","has-post-thumbnail","hentry","category-sin-categorizar"],"yoast_head":"<!-- This site is optimized with the Yoast SEO plugin v27.1.1 - https:\/\/yoast.com\/product\/yoast-seo-wordpress\/ -->\n<title>Coves Prehist\u00f2riques de Seriny\u00e0, activitats per a nens<\/title>\n<meta name=\"description\" content=\"Molt a prop del c\u00e0mping familiar La Vall de Campmajor trobem les coves prehist\u00f2riques de Seriny\u00e0. Una proposta pels nens educativa, l\u00fadica, per aprendre de la pre-historia de manera activa i original!\" \/>\n<meta name=\"robots\" content=\"index, follow, max-snippet:-1, max-image-preview:large, max-video-preview:-1\" \/>\n<link rel=\"canonical\" href=\"https:\/\/campinglavall.net\/es\/proposta-pels-nens\/\" \/>\n<meta property=\"og:locale\" content=\"es_ES\" \/>\n<meta property=\"og:type\" content=\"article\" \/>\n<meta property=\"og:title\" content=\"Coves Prehist\u00f2riques de Seriny\u00e0, activitats per a nens\" \/>\n<meta property=\"og:description\" content=\"Molt a prop del c\u00e0mping familiar La Vall de Campmajor trobem les coves prehist\u00f2riques de Seriny\u00e0. Una proposta pels nens educativa, l\u00fadica, per aprendre de la pre-historia de manera activa i original!\" \/>\n<meta property=\"og:url\" content=\"https:\/\/campinglavall.net\/es\/proposta-pels-nens\/\" \/>\n<meta property=\"og:site_name\" content=\"Camping La Vall\" \/>\n<meta property=\"article:published_time\" content=\"2018-02-25T15:30:52+00:00\" \/>\n<meta property=\"article:modified_time\" content=\"2024-10-10T07:00:49+00:00\" \/>\n<meta property=\"og:image\" content=\"https:\/\/campinglavall.net\/wp-content\/uploads\/2024\/09\/serinya.jpeg\" \/>\n\t<meta property=\"og:image:width\" content=\"800\" \/>\n\t<meta property=\"og:image:height\" content=\"533\" \/>\n\t<meta property=\"og:image:type\" content=\"image\/jpeg\" \/>\n<meta name=\"author\" content=\"admin\" \/>\n<meta name=\"twitter:card\" content=\"summary_large_image\" \/>\n<meta name=\"twitter:label1\" content=\"Escrito por\" \/>\n\t<meta name=\"twitter:data1\" content=\"admin\" \/>\n\t<meta name=\"twitter:label2\" content=\"Tiempo de lectura\" \/>\n\t<meta name=\"twitter:data2\" content=\"2 minutos\" \/>\n<script type=\"application\/ld+json\" class=\"yoast-schema-graph\">{\"@context\":\"https:\/\/schema.org\",\"@graph\":[{\"@type\":\"Article\",\"@id\":\"https:\/\/campinglavall.net\/es\/proposta-pels-nens\/#article\",\"isPartOf\":{\"@id\":\"https:\/\/campinglavall.net\/es\/proposta-pels-nens\/\"},\"author\":{\"name\":\"admin\",\"@id\":\"https:\/\/campinglavall.net\/es\/#\/schema\/person\/e37436e5ca5a0e4556fd004b4acdb218\"},\"headline\":\"Coves Prehist\u00f2riques de Seriny\u00e0\",\"datePublished\":\"2018-02-25T15:30:52+00:00\",\"dateModified\":\"2024-10-10T07:00:49+00:00\",\"mainEntityOfPage\":{\"@id\":\"https:\/\/campinglavall.net\/es\/proposta-pels-nens\/\"},\"wordCount\":249,\"image\":{\"@id\":\"https:\/\/campinglavall.net\/es\/proposta-pels-nens\/#primaryimage\"},\"thumbnailUrl\":\"https:\/\/campinglavall.net\/wp-content\/uploads\/2024\/09\/serinya.jpeg\",\"articleSection\":[\"Sin categorizar\"],\"inLanguage\":\"es\"},{\"@type\":\"WebPage\",\"@id\":\"https:\/\/campinglavall.net\/es\/proposta-pels-nens\/\",\"url\":\"https:\/\/campinglavall.net\/es\/proposta-pels-nens\/\",\"name\":\"Coves Prehist\u00f2riques de Seriny\u00e0, activitats per a nens\",\"isPartOf\":{\"@id\":\"https:\/\/campinglavall.net\/es\/#website\"},\"primaryImageOfPage\":{\"@id\":\"https:\/\/campinglavall.net\/es\/proposta-pels-nens\/#primaryimage\"},\"image\":{\"@id\":\"https:\/\/campinglavall.net\/es\/proposta-pels-nens\/#primaryimage\"},\"thumbnailUrl\":\"https:\/\/campinglavall.net\/wp-content\/uploads\/2024\/09\/serinya.jpeg\",\"datePublished\":\"2018-02-25T15:30:52+00:00\",\"dateModified\":\"2024-10-10T07:00:49+00:00\",\"author\":{\"@id\":\"https:\/\/campinglavall.net\/es\/#\/schema\/person\/e37436e5ca5a0e4556fd004b4acdb218\"},\"description\":\"Molt a prop del c\u00e0mping familiar La Vall de Campmajor trobem les coves prehist\u00f2riques de Seriny\u00e0. Una proposta pels nens educativa, l\u00fadica, per aprendre de la pre-historia de manera activa i original!\",\"breadcrumb\":{\"@id\":\"https:\/\/campinglavall.net\/es\/proposta-pels-nens\/#breadcrumb\"},\"inLanguage\":\"es\",\"potentialAction\":[{\"@type\":\"ReadAction\",\"target\":[\"https:\/\/campinglavall.net\/es\/proposta-pels-nens\/\"]}]},{\"@type\":\"ImageObject\",\"inLanguage\":\"es\",\"@id\":\"https:\/\/campinglavall.net\/es\/proposta-pels-nens\/#primaryimage\",\"url\":\"https:\/\/campinglavall.net\/wp-content\/uploads\/2024\/09\/serinya.jpeg\",\"contentUrl\":\"https:\/\/campinglavall.net\/wp-content\/uploads\/2024\/09\/serinya.jpeg\",\"width\":800,\"height\":533},{\"@type\":\"BreadcrumbList\",\"@id\":\"https:\/\/campinglavall.net\/es\/proposta-pels-nens\/#breadcrumb\",\"itemListElement\":[{\"@type\":\"ListItem\",\"position\":1,\"name\":\"Portada\",\"item\":\"https:\/\/campinglavall.net\/es\/\"},{\"@type\":\"ListItem\",\"position\":2,\"name\":\"Coves Prehist\u00f2riques de Seriny\u00e0\"}]},{\"@type\":\"WebSite\",\"@id\":\"https:\/\/campinglavall.net\/es\/#website\",\"url\":\"https:\/\/campinglavall.net\/es\/\",\"name\":\"Camping La Vall\",\"description\":\"\",\"potentialAction\":[{\"@type\":\"SearchAction\",\"target\":{\"@type\":\"EntryPoint\",\"urlTemplate\":\"https:\/\/campinglavall.net\/es\/?s={search_term_string}\"},\"query-input\":{\"@type\":\"PropertyValueSpecification\",\"valueRequired\":true,\"valueName\":\"search_term_string\"}}],\"inLanguage\":\"es\"},{\"@type\":\"Person\",\"@id\":\"https:\/\/campinglavall.net\/es\/#\/schema\/person\/e37436e5ca5a0e4556fd004b4acdb218\",\"name\":\"admin\",\"image\":{\"@type\":\"ImageObject\",\"inLanguage\":\"es\",\"@id\":\"https:\/\/campinglavall.net\/es\/#\/schema\/person\/image\/\",\"url\":\"https:\/\/secure.gravatar.com\/avatar\/ba278a5665341eb501ac289fef02e80959eb8216a41a0d4c74389ca1aa4a6542?s=96&d=mm&r=g\",\"contentUrl\":\"https:\/\/secure.gravatar.com\/avatar\/ba278a5665341eb501ac289fef02e80959eb8216a41a0d4c74389ca1aa4a6542?s=96&d=mm&r=g\",\"caption\":\"admin\"},\"sameAs\":[\"https:\/\/campinglavall.net\"],\"url\":\"https:\/\/campinglavall.net\/es\/author\/wp_cc_lavall\/\"}]}<\/script>\n<!-- \/ Yoast SEO plugin. -->","yoast_head_json":{"title":"Coves Prehist\u00f2riques de Seriny\u00e0, activitats per a nens","description":"Molt a prop del c\u00e0mping familiar La Vall de Campmajor trobem les coves prehist\u00f2riques de Seriny\u00e0. Una proposta pels nens educativa, l\u00fadica, per aprendre de la pre-historia de manera activa i original!","robots":{"index":"index","follow":"follow","max-snippet":"max-snippet:-1","max-image-preview":"max-image-preview:large","max-video-preview":"max-video-preview:-1"},"canonical":"https:\/\/campinglavall.net\/es\/proposta-pels-nens\/","og_locale":"es_ES","og_type":"article","og_title":"Coves Prehist\u00f2riques de Seriny\u00e0, activitats per a nens","og_description":"Molt a prop del c\u00e0mping familiar La Vall de Campmajor trobem les coves prehist\u00f2riques de Seriny\u00e0. Una proposta pels nens educativa, l\u00fadica, per aprendre de la pre-historia de manera activa i original!","og_url":"https:\/\/campinglavall.net\/es\/proposta-pels-nens\/","og_site_name":"Camping La Vall","article_published_time":"2018-02-25T15:30:52+00:00","article_modified_time":"2024-10-10T07:00:49+00:00","og_image":[{"width":800,"height":533,"url":"https:\/\/campinglavall.net\/wp-content\/uploads\/2024\/09\/serinya.jpeg","type":"image\/jpeg"}],"author":"admin","twitter_card":"summary_large_image","twitter_misc":{"Escrito por":"admin","Tiempo de lectura":"2 minutos"},"schema":{"@context":"https:\/\/schema.org","@graph":[{"@type":"Article","@id":"https:\/\/campinglavall.net\/es\/proposta-pels-nens\/#article","isPartOf":{"@id":"https:\/\/campinglavall.net\/es\/proposta-pels-nens\/"},"author":{"name":"admin","@id":"https:\/\/campinglavall.net\/es\/#\/schema\/person\/e37436e5ca5a0e4556fd004b4acdb218"},"headline":"Coves Prehist\u00f2riques de Seriny\u00e0","datePublished":"2018-02-25T15:30:52+00:00","dateModified":"2024-10-10T07:00:49+00:00","mainEntityOfPage":{"@id":"https:\/\/campinglavall.net\/es\/proposta-pels-nens\/"},"wordCount":249,"image":{"@id":"https:\/\/campinglavall.net\/es\/proposta-pels-nens\/#primaryimage"},"thumbnailUrl":"https:\/\/campinglavall.net\/wp-content\/uploads\/2024\/09\/serinya.jpeg","articleSection":["Sin categorizar"],"inLanguage":"es"},{"@type":"WebPage","@id":"https:\/\/campinglavall.net\/es\/proposta-pels-nens\/","url":"https:\/\/campinglavall.net\/es\/proposta-pels-nens\/","name":"Coves Prehist\u00f2riques de Seriny\u00e0, activitats per a nens","isPartOf":{"@id":"https:\/\/campinglavall.net\/es\/#website"},"primaryImageOfPage":{"@id":"https:\/\/campinglavall.net\/es\/proposta-pels-nens\/#primaryimage"},"image":{"@id":"https:\/\/campinglavall.net\/es\/proposta-pels-nens\/#primaryimage"},"thumbnailUrl":"https:\/\/campinglavall.net\/wp-content\/uploads\/2024\/09\/serinya.jpeg","datePublished":"2018-02-25T15:30:52+00:00","dateModified":"2024-10-10T07:00:49+00:00","author":{"@id":"https:\/\/campinglavall.net\/es\/#\/schema\/person\/e37436e5ca5a0e4556fd004b4acdb218"},"description":"Molt a prop del c\u00e0mping familiar La Vall de Campmajor trobem les coves prehist\u00f2riques de Seriny\u00e0. Una proposta pels nens educativa, l\u00fadica, per aprendre de la pre-historia de manera activa i original!","breadcrumb":{"@id":"https:\/\/campinglavall.net\/es\/proposta-pels-nens\/#breadcrumb"},"inLanguage":"es","potentialAction":[{"@type":"ReadAction","target":["https:\/\/campinglavall.net\/es\/proposta-pels-nens\/"]}]},{"@type":"ImageObject","inLanguage":"es","@id":"https:\/\/campinglavall.net\/es\/proposta-pels-nens\/#primaryimage","url":"https:\/\/campinglavall.net\/wp-content\/uploads\/2024\/09\/serinya.jpeg","contentUrl":"https:\/\/campinglavall.net\/wp-content\/uploads\/2024\/09\/serinya.jpeg","width":800,"height":533},{"@type":"BreadcrumbList","@id":"https:\/\/campinglavall.net\/es\/proposta-pels-nens\/#breadcrumb","itemListElement":[{"@type":"ListItem","position":1,"name":"Portada","item":"https:\/\/campinglavall.net\/es\/"},{"@type":"ListItem","position":2,"name":"Coves Prehist\u00f2riques de Seriny\u00e0"}]},{"@type":"WebSite","@id":"https:\/\/campinglavall.net\/es\/#website","url":"https:\/\/campinglavall.net\/es\/","name":"Camping La Vall","description":"","potentialAction":[{"@type":"SearchAction","target":{"@type":"EntryPoint","urlTemplate":"https:\/\/campinglavall.net\/es\/?s={search_term_string}"},"query-input":{"@type":"PropertyValueSpecification","valueRequired":true,"valueName":"search_term_string"}}],"inLanguage":"es"},{"@type":"Person","@id":"https:\/\/campinglavall.net\/es\/#\/schema\/person\/e37436e5ca5a0e4556fd004b4acdb218","name":"admin","image":{"@type":"ImageObject","inLanguage":"es","@id":"https:\/\/campinglavall.net\/es\/#\/schema\/person\/image\/","url":"https:\/\/secure.gravatar.com\/avatar\/ba278a5665341eb501ac289fef02e80959eb8216a41a0d4c74389ca1aa4a6542?s=96&d=mm&r=g","contentUrl":"https:\/\/secure.gravatar.com\/avatar\/ba278a5665341eb501ac289fef02e80959eb8216a41a0d4c74389ca1aa4a6542?s=96&d=mm&r=g","caption":"admin"},"sameAs":["https:\/\/campinglavall.net"],"url":"https:\/\/campinglavall.net\/es\/author\/wp_cc_lavall\/"}]}},"_links":{"self":[{"href":"https:\/\/campinglavall.net\/es\/wp-json\/wp\/v2\/posts\/5820","targetHints":{"allow":["GET"]}}],"collection":[{"href":"https:\/\/campinglavall.net\/es\/wp-json\/wp\/v2\/posts"}],"about":[{"href":"https:\/\/campinglavall.net\/es\/wp-json\/wp\/v2\/types\/post"}],"author":[{"embeddable":true,"href":"https:\/\/campinglavall.net\/es\/wp-json\/wp\/v2\/users\/1"}],"replies":[{"embeddable":true,"href":"https:\/\/campinglavall.net\/es\/wp-json\/wp\/v2\/comments?post=5820"}],"version-history":[{"count":3,"href":"https:\/\/campinglavall.net\/es\/wp-json\/wp\/v2\/posts\/5820\/revisions"}],"predecessor-version":[{"id":5981,"href":"https:\/\/campinglavall.net\/es\/wp-json\/wp\/v2\/posts\/5820\/revisions\/5981"}],"wp:featuredmedia":[{"embeddable":true,"href":"https:\/\/campinglavall.net\/es\/wp-json\/wp\/v2\/media\/4105"}],"wp:attachment":[{"href":"https:\/\/campinglavall.net\/es\/wp-json\/wp\/v2\/media?parent=5820"}],"wp:term":[{"taxonomy":"category","embeddable":true,"href":"https:\/\/campinglavall.net\/es\/wp-json\/wp\/v2\/categories?post=5820"},{"taxonomy":"post_tag","embeddable":true,"href":"https:\/\/campinglavall.net\/es\/wp-json\/wp\/v2\/tags?post=5820"}],"curies":[{"name":"wp","href":"https:\/\/api.w.org\/{rel}","templated":true}]}}