{"id":5832,"date":"2018-03-08T13:55:29","date_gmt":"2018-03-08T13:55:29","guid":{"rendered":"https:\/\/campinglavall.net\/museu-per-nens-3\/"},"modified":"2024-10-10T07:00:48","modified_gmt":"2024-10-10T07:00:48","slug":"museu-per-nens","status":"publish","type":"post","link":"https:\/\/campinglavall.net\/es\/museu-per-nens\/","title":{"rendered":"Parc Neol\u00edtic de la Draga"},"content":{"rendered":"<h1 style=\"text-align: center;\">\u00bfQu\u00e9 podemos aprender de los neol\u00edticos?<\/h1>\n<h2 style=\"text-align: center;\">El Museo para ni\u00f1os al aire libre, El parque neol\u00edtico de la Draga<\/h2>\n<p><a ref=\"magnificPopup\" href=\"https:\/\/campinglavall.net\/wp-content\/uploads\/2024\/09\/PARC-NEOLITIC-300x199.jpg\"><img loading=\"lazy\" decoding=\"async\" class=\"wp-image-6517 aligncenter\" src=\"https:\/\/campinglavall.net\/wp-content\/uploads\/2024\/09\/PARC-NEOLITIC.jpg\" alt=\"\" width=\"701\" height=\"465\" \/><\/a><\/p>\n<p style=\"text-align: center;\">Museo para ni\u00f1os al aire libre pensado para realizar diferentes actividades en familia.<\/p>\n<p style=\"text-align: center;\">La Draga es el \u00fanico yacimiento neol\u00edtico lacustre de la Pen\u00ednsula ib\u00e9rica, con una cronolog\u00eda que se remonta al 5300-5200 a.<\/p>\n<p style=\"text-align: center;\">El poblado fue construido y habitado durante el neol\u00edtico antiguo por lo que sus habitantes se pueden considerar los primeros campesinos y ganaderos de Catalu\u00f1a.<\/p>\n<p style=\"text-align: center;\">El parque neol\u00edtico abre de junio a octubre a partir de actividades programadas con reserva previa.<\/p>\n<p style=\"text-align: center;\">El parque no se puede visitar libremente<\/p>\n<p style=\"text-align: center;\">Si no se llega al m\u00ednimo de participantes, la actividad programada se anular\u00e1 previo aviso.<\/p>\n<h2 class=\"Title\" style=\"text-align: center;\">Hoy hacemos de Neol\u00edticos<\/h2>\n<div id=\"dnn_ctr1592_ContentPane\">\n<div id=\"dnn_ctr1592_ModuleContent\" class=\"DNNModuleContent ModDNNHTMLC\">\n<div id=\"dnn_ctr1592_HtmlModule_lblContent\" class=\"Normal\">\n<p style=\"text-align: center;\">Actividad familiar que nos permite adentrarnos en el Neol\u00edtico. Paseando por el parque de la Draga descubriremos qui\u00e9n vivi\u00f3 y c\u00f3mo era la vida cotidiana en esta \u00e9poca tan remota. Pondremos en pr\u00e1ctica algunas de las actividades que se llevaron a cabo.<\/p>\n<p>&nbsp;<\/p>\n<\/div>\n<h2 class=\"Title\" style=\"text-align: center;\">Visita el parque y demostraci\u00f3n de actividades neol\u00edticas<\/h2>\n<div id=\"dnn_ctr1591_ContentPane\">\n<div id=\"dnn_ctr1591_ModuleContent\" class=\"DNNModuleContent ModDNNHTMLC\">\n<div id=\"dnn_ctr1591_HtmlModule_lblContent\" class=\"Normal\">\n<p style=\"text-align: center;\">En la visita al parque, podremos entrar en las reconstrucciones de las caba\u00f1as prehist\u00f3ricas y descubriremos el d\u00eda a d\u00eda de un grupo de campesinos y ganaderos neol\u00edticos descubriendo qu\u00e9 com\u00edan, qu\u00e9 cazaban, qu\u00e9 cultivaban, qu\u00e9 \u00fatiles y herramientas utilizaban, etc. Con las demostraciones observaremos c\u00f3mo se realizaban estas pr\u00e1cticas.<\/p>\n<p>&nbsp;<\/p>\n<\/div>\n<h2 class=\"Title\" style=\"text-align: center;\">Visita guiada al parque neol\u00edtico<\/h2>\n<div id=\"dnn_ctr1590_ContentPane\">\n<div id=\"dnn_ctr1590_ModuleContent\" class=\"DNNModuleContent ModDNNHTMLC\">\n<div id=\"dnn_ctr1590_HtmlModule_lblContent\" class=\"Normal\"><\/div>\n<\/div>\n<\/div>\n<\/div>\n<\/div>\n<\/div>\n<\/div>\n<p style=\"text-align: center;\">Visitando el parque podremos entrar en las reconstrucciones de las caba\u00f1as neol\u00edticas y conocer c\u00f3mo se viv\u00eda durante este per\u00edodo de la prehistoria.<\/p>\n<p style=\"text-align: center;\">Para m\u00e1s informaci\u00f3n llame al:<\/p>\n<p style=\"text-align: center;\">972 57 23 61<\/p>\n<p style=\"text-align: center;\">\u00a1S\u00edguenos en Instagram para estar informados de todas las propuestas!<\/p>\n<p style=\"text-align: center;\"><a href=\"https:\/\/www.instagram.com\/campinglavalldecampmajor\/\">https:\/\/www.instagram.com\/campinglavalldecampmajor\/<\/a><\/p>\n<p>&nbsp;<\/p>\n<p style=\"text-align: center;\"><strong><span style=\"color: #99cc00; font-size: 14pt;\">C\u00e0mping amb nens<\/span>\u00a0<\/strong>\u00a0<span style=\"font-size: 18pt;\">C\u00e0mping petit i acollidor\u00a0\u00a0<\/span>C\u00c0MPING FAMILIAR<strong>\u00a0\u00a0\u2026<\/strong><\/p>\n","protected":false},"excerpt":{"rendered":"<p>\u00bfQu\u00e9 podemos aprender de los neol\u00edticos? El Museo para ni\u00f1os al aire libre, El parque neol\u00edtico de la Draga Museo para ni\u00f1os al aire libre pensado para realizar diferentes actividades en familia. La Draga es el \u00fanico yacimiento neol\u00edtico lacustre de la Pen\u00ednsula ib\u00e9rica, con una cronolog\u00eda que se remonta al 5300-5200 a. El poblado&#8230;<\/p>\n","protected":false},"author":1,"featured_media":4115,"comment_status":"closed","ping_status":"open","sticky":false,"template":"","format":"standard","meta":{"footnotes":""},"categories":[1],"tags":[],"class_list":["post-5832","post","type-post","status-publish","format-standard","has-post-thumbnail","hentry","category-sin-categorizar"],"yoast_head":"<!-- This site is optimized with the Yoast SEO plugin v27.1.1 - https:\/\/yoast.com\/product\/yoast-seo-wordpress\/ -->\n<title>Parc Neol\u00edtic de la Draga, un museu per nens a l&#039;aire lliure<\/title>\n<meta name=\"description\" content=\"A prop del C\u00e0mping familiar La Vall de Campmajor trobem un museu per nens a l&#039;aire lliure, el parc neol\u00edtic de la Draga, a Banyoles.\" \/>\n<meta name=\"robots\" content=\"index, follow, max-snippet:-1, max-image-preview:large, max-video-preview:-1\" \/>\n<link rel=\"canonical\" href=\"https:\/\/campinglavall.net\/es\/museu-per-nens\/\" \/>\n<meta property=\"og:locale\" content=\"es_ES\" \/>\n<meta property=\"og:type\" content=\"article\" \/>\n<meta property=\"og:title\" content=\"Parc Neol\u00edtic de la Draga, un museu per nens a l&#039;aire lliure\" \/>\n<meta property=\"og:description\" content=\"A prop del C\u00e0mping familiar La Vall de Campmajor trobem un museu per nens a l&#039;aire lliure, el parc neol\u00edtic de la Draga, a Banyoles.\" \/>\n<meta property=\"og:url\" content=\"https:\/\/campinglavall.net\/es\/museu-per-nens\/\" \/>\n<meta property=\"og:site_name\" content=\"Camping La Vall\" \/>\n<meta property=\"article:published_time\" content=\"2018-03-08T13:55:29+00:00\" \/>\n<meta property=\"article:modified_time\" content=\"2024-10-10T07:00:48+00:00\" \/>\n<meta property=\"og:image\" content=\"https:\/\/campinglavall.net\/wp-content\/uploads\/2024\/09\/PARC-NEOLITIC.jpg\" \/>\n\t<meta property=\"og:image:width\" content=\"800\" \/>\n\t<meta property=\"og:image:height\" content=\"531\" \/>\n\t<meta property=\"og:image:type\" content=\"image\/jpeg\" \/>\n<meta name=\"author\" content=\"admin\" \/>\n<meta name=\"twitter:card\" content=\"summary_large_image\" \/>\n<meta name=\"twitter:label1\" content=\"Escrito por\" \/>\n\t<meta name=\"twitter:data1\" content=\"admin\" \/>\n\t<meta name=\"twitter:label2\" content=\"Tiempo de lectura\" \/>\n\t<meta name=\"twitter:data2\" content=\"2 minutos\" \/>\n<script type=\"application\/ld+json\" class=\"yoast-schema-graph\">{\"@context\":\"https:\/\/schema.org\",\"@graph\":[{\"@type\":\"Article\",\"@id\":\"https:\/\/campinglavall.net\/es\/museu-per-nens\/#article\",\"isPartOf\":{\"@id\":\"https:\/\/campinglavall.net\/es\/museu-per-nens\/\"},\"author\":{\"name\":\"admin\",\"@id\":\"https:\/\/campinglavall.net\/es\/#\/schema\/person\/e37436e5ca5a0e4556fd004b4acdb218\"},\"headline\":\"Parc Neol\u00edtic de la Draga\",\"datePublished\":\"2018-03-08T13:55:29+00:00\",\"dateModified\":\"2024-10-10T07:00:48+00:00\",\"mainEntityOfPage\":{\"@id\":\"https:\/\/campinglavall.net\/es\/museu-per-nens\/\"},\"wordCount\":325,\"image\":{\"@id\":\"https:\/\/campinglavall.net\/es\/museu-per-nens\/#primaryimage\"},\"thumbnailUrl\":\"https:\/\/campinglavall.net\/wp-content\/uploads\/2024\/09\/PARC-NEOLITIC.jpg\",\"articleSection\":[\"Sin categorizar\"],\"inLanguage\":\"es\"},{\"@type\":\"WebPage\",\"@id\":\"https:\/\/campinglavall.net\/es\/museu-per-nens\/\",\"url\":\"https:\/\/campinglavall.net\/es\/museu-per-nens\/\",\"name\":\"Parc Neol\u00edtic de la Draga, un museu per nens a l'aire lliure\",\"isPartOf\":{\"@id\":\"https:\/\/campinglavall.net\/es\/#website\"},\"primaryImageOfPage\":{\"@id\":\"https:\/\/campinglavall.net\/es\/museu-per-nens\/#primaryimage\"},\"image\":{\"@id\":\"https:\/\/campinglavall.net\/es\/museu-per-nens\/#primaryimage\"},\"thumbnailUrl\":\"https:\/\/campinglavall.net\/wp-content\/uploads\/2024\/09\/PARC-NEOLITIC.jpg\",\"datePublished\":\"2018-03-08T13:55:29+00:00\",\"dateModified\":\"2024-10-10T07:00:48+00:00\",\"author\":{\"@id\":\"https:\/\/campinglavall.net\/es\/#\/schema\/person\/e37436e5ca5a0e4556fd004b4acdb218\"},\"description\":\"A prop del C\u00e0mping familiar La Vall de Campmajor trobem un museu per nens a l'aire lliure, el parc neol\u00edtic de la Draga, a Banyoles.\",\"breadcrumb\":{\"@id\":\"https:\/\/campinglavall.net\/es\/museu-per-nens\/#breadcrumb\"},\"inLanguage\":\"es\",\"potentialAction\":[{\"@type\":\"ReadAction\",\"target\":[\"https:\/\/campinglavall.net\/es\/museu-per-nens\/\"]}]},{\"@type\":\"ImageObject\",\"inLanguage\":\"es\",\"@id\":\"https:\/\/campinglavall.net\/es\/museu-per-nens\/#primaryimage\",\"url\":\"https:\/\/campinglavall.net\/wp-content\/uploads\/2024\/09\/PARC-NEOLITIC.jpg\",\"contentUrl\":\"https:\/\/campinglavall.net\/wp-content\/uploads\/2024\/09\/PARC-NEOLITIC.jpg\",\"width\":800,\"height\":531},{\"@type\":\"BreadcrumbList\",\"@id\":\"https:\/\/campinglavall.net\/es\/museu-per-nens\/#breadcrumb\",\"itemListElement\":[{\"@type\":\"ListItem\",\"position\":1,\"name\":\"Portada\",\"item\":\"https:\/\/campinglavall.net\/es\/\"},{\"@type\":\"ListItem\",\"position\":2,\"name\":\"Parc Neol\u00edtic de la Draga\"}]},{\"@type\":\"WebSite\",\"@id\":\"https:\/\/campinglavall.net\/es\/#website\",\"url\":\"https:\/\/campinglavall.net\/es\/\",\"name\":\"Camping La Vall\",\"description\":\"\",\"potentialAction\":[{\"@type\":\"SearchAction\",\"target\":{\"@type\":\"EntryPoint\",\"urlTemplate\":\"https:\/\/campinglavall.net\/es\/?s={search_term_string}\"},\"query-input\":{\"@type\":\"PropertyValueSpecification\",\"valueRequired\":true,\"valueName\":\"search_term_string\"}}],\"inLanguage\":\"es\"},{\"@type\":\"Person\",\"@id\":\"https:\/\/campinglavall.net\/es\/#\/schema\/person\/e37436e5ca5a0e4556fd004b4acdb218\",\"name\":\"admin\",\"image\":{\"@type\":\"ImageObject\",\"inLanguage\":\"es\",\"@id\":\"https:\/\/campinglavall.net\/es\/#\/schema\/person\/image\/\",\"url\":\"https:\/\/secure.gravatar.com\/avatar\/ba278a5665341eb501ac289fef02e80959eb8216a41a0d4c74389ca1aa4a6542?s=96&d=mm&r=g\",\"contentUrl\":\"https:\/\/secure.gravatar.com\/avatar\/ba278a5665341eb501ac289fef02e80959eb8216a41a0d4c74389ca1aa4a6542?s=96&d=mm&r=g\",\"caption\":\"admin\"},\"sameAs\":[\"https:\/\/campinglavall.net\"],\"url\":\"https:\/\/campinglavall.net\/es\/author\/wp_cc_lavall\/\"}]}<\/script>\n<!-- \/ Yoast SEO plugin. -->","yoast_head_json":{"title":"Parc Neol\u00edtic de la Draga, un museu per nens a l'aire lliure","description":"A prop del C\u00e0mping familiar La Vall de Campmajor trobem un museu per nens a l'aire lliure, el parc neol\u00edtic de la Draga, a Banyoles.","robots":{"index":"index","follow":"follow","max-snippet":"max-snippet:-1","max-image-preview":"max-image-preview:large","max-video-preview":"max-video-preview:-1"},"canonical":"https:\/\/campinglavall.net\/es\/museu-per-nens\/","og_locale":"es_ES","og_type":"article","og_title":"Parc Neol\u00edtic de la Draga, un museu per nens a l'aire lliure","og_description":"A prop del C\u00e0mping familiar La Vall de Campmajor trobem un museu per nens a l'aire lliure, el parc neol\u00edtic de la Draga, a Banyoles.","og_url":"https:\/\/campinglavall.net\/es\/museu-per-nens\/","og_site_name":"Camping La Vall","article_published_time":"2018-03-08T13:55:29+00:00","article_modified_time":"2024-10-10T07:00:48+00:00","og_image":[{"width":800,"height":531,"url":"https:\/\/campinglavall.net\/wp-content\/uploads\/2024\/09\/PARC-NEOLITIC.jpg","type":"image\/jpeg"}],"author":"admin","twitter_card":"summary_large_image","twitter_misc":{"Escrito por":"admin","Tiempo de lectura":"2 minutos"},"schema":{"@context":"https:\/\/schema.org","@graph":[{"@type":"Article","@id":"https:\/\/campinglavall.net\/es\/museu-per-nens\/#article","isPartOf":{"@id":"https:\/\/campinglavall.net\/es\/museu-per-nens\/"},"author":{"name":"admin","@id":"https:\/\/campinglavall.net\/es\/#\/schema\/person\/e37436e5ca5a0e4556fd004b4acdb218"},"headline":"Parc Neol\u00edtic de la Draga","datePublished":"2018-03-08T13:55:29+00:00","dateModified":"2024-10-10T07:00:48+00:00","mainEntityOfPage":{"@id":"https:\/\/campinglavall.net\/es\/museu-per-nens\/"},"wordCount":325,"image":{"@id":"https:\/\/campinglavall.net\/es\/museu-per-nens\/#primaryimage"},"thumbnailUrl":"https:\/\/campinglavall.net\/wp-content\/uploads\/2024\/09\/PARC-NEOLITIC.jpg","articleSection":["Sin categorizar"],"inLanguage":"es"},{"@type":"WebPage","@id":"https:\/\/campinglavall.net\/es\/museu-per-nens\/","url":"https:\/\/campinglavall.net\/es\/museu-per-nens\/","name":"Parc Neol\u00edtic de la Draga, un museu per nens a l'aire lliure","isPartOf":{"@id":"https:\/\/campinglavall.net\/es\/#website"},"primaryImageOfPage":{"@id":"https:\/\/campinglavall.net\/es\/museu-per-nens\/#primaryimage"},"image":{"@id":"https:\/\/campinglavall.net\/es\/museu-per-nens\/#primaryimage"},"thumbnailUrl":"https:\/\/campinglavall.net\/wp-content\/uploads\/2024\/09\/PARC-NEOLITIC.jpg","datePublished":"2018-03-08T13:55:29+00:00","dateModified":"2024-10-10T07:00:48+00:00","author":{"@id":"https:\/\/campinglavall.net\/es\/#\/schema\/person\/e37436e5ca5a0e4556fd004b4acdb218"},"description":"A prop del C\u00e0mping familiar La Vall de Campmajor trobem un museu per nens a l'aire lliure, el parc neol\u00edtic de la Draga, a Banyoles.","breadcrumb":{"@id":"https:\/\/campinglavall.net\/es\/museu-per-nens\/#breadcrumb"},"inLanguage":"es","potentialAction":[{"@type":"ReadAction","target":["https:\/\/campinglavall.net\/es\/museu-per-nens\/"]}]},{"@type":"ImageObject","inLanguage":"es","@id":"https:\/\/campinglavall.net\/es\/museu-per-nens\/#primaryimage","url":"https:\/\/campinglavall.net\/wp-content\/uploads\/2024\/09\/PARC-NEOLITIC.jpg","contentUrl":"https:\/\/campinglavall.net\/wp-content\/uploads\/2024\/09\/PARC-NEOLITIC.jpg","width":800,"height":531},{"@type":"BreadcrumbList","@id":"https:\/\/campinglavall.net\/es\/museu-per-nens\/#breadcrumb","itemListElement":[{"@type":"ListItem","position":1,"name":"Portada","item":"https:\/\/campinglavall.net\/es\/"},{"@type":"ListItem","position":2,"name":"Parc Neol\u00edtic de la Draga"}]},{"@type":"WebSite","@id":"https:\/\/campinglavall.net\/es\/#website","url":"https:\/\/campinglavall.net\/es\/","name":"Camping La Vall","description":"","potentialAction":[{"@type":"SearchAction","target":{"@type":"EntryPoint","urlTemplate":"https:\/\/campinglavall.net\/es\/?s={search_term_string}"},"query-input":{"@type":"PropertyValueSpecification","valueRequired":true,"valueName":"search_term_string"}}],"inLanguage":"es"},{"@type":"Person","@id":"https:\/\/campinglavall.net\/es\/#\/schema\/person\/e37436e5ca5a0e4556fd004b4acdb218","name":"admin","image":{"@type":"ImageObject","inLanguage":"es","@id":"https:\/\/campinglavall.net\/es\/#\/schema\/person\/image\/","url":"https:\/\/secure.gravatar.com\/avatar\/ba278a5665341eb501ac289fef02e80959eb8216a41a0d4c74389ca1aa4a6542?s=96&d=mm&r=g","contentUrl":"https:\/\/secure.gravatar.com\/avatar\/ba278a5665341eb501ac289fef02e80959eb8216a41a0d4c74389ca1aa4a6542?s=96&d=mm&r=g","caption":"admin"},"sameAs":["https:\/\/campinglavall.net"],"url":"https:\/\/campinglavall.net\/es\/author\/wp_cc_lavall\/"}]}},"_links":{"self":[{"href":"https:\/\/campinglavall.net\/es\/wp-json\/wp\/v2\/posts\/5832","targetHints":{"allow":["GET"]}}],"collection":[{"href":"https:\/\/campinglavall.net\/es\/wp-json\/wp\/v2\/posts"}],"about":[{"href":"https:\/\/campinglavall.net\/es\/wp-json\/wp\/v2\/types\/post"}],"author":[{"embeddable":true,"href":"https:\/\/campinglavall.net\/es\/wp-json\/wp\/v2\/users\/1"}],"replies":[{"embeddable":true,"href":"https:\/\/campinglavall.net\/es\/wp-json\/wp\/v2\/comments?post=5832"}],"version-history":[{"count":4,"href":"https:\/\/campinglavall.net\/es\/wp-json\/wp\/v2\/posts\/5832\/revisions"}],"predecessor-version":[{"id":5980,"href":"https:\/\/campinglavall.net\/es\/wp-json\/wp\/v2\/posts\/5832\/revisions\/5980"}],"wp:featuredmedia":[{"embeddable":true,"href":"https:\/\/campinglavall.net\/es\/wp-json\/wp\/v2\/media\/4115"}],"wp:attachment":[{"href":"https:\/\/campinglavall.net\/es\/wp-json\/wp\/v2\/media?parent=5832"}],"wp:term":[{"taxonomy":"category","embeddable":true,"href":"https:\/\/campinglavall.net\/es\/wp-json\/wp\/v2\/categories?post=5832"},{"taxonomy":"post_tag","embeddable":true,"href":"https:\/\/campinglavall.net\/es\/wp-json\/wp\/v2\/tags?post=5832"}],"curies":[{"name":"wp","href":"https:\/\/api.w.org\/{rel}","templated":true}]}}